{"id":1368,"date":"2023-10-09T05:36:33","date_gmt":"2023-10-09T09:36:33","guid":{"rendered":"http:\/\/consulting.stylemixthemes.com\/?p=738"},"modified":"2023-10-23T16:39:15","modified_gmt":"2023-10-23T20:39:15","slug":"a-digital-prescription-for-the-pharma-industry-2","status":"publish","type":"post","link":"https:\/\/dindincred.com.br\/index.php\/2023\/10\/09\/a-digital-prescription-for-the-pharma-industry-2\/","title":{"rendered":"FGTS: mudan\u00e7a no saque-anivers\u00e1rio divide os minist\u00e9rios do Trabalho e da Fazenda. Veja o que est\u00e1 em jogo"},"content":{"rendered":"<section class=\"wpb-content-wrapper\"><p>[vc_row][vc_column][vc_custom_heading source=&#8221;post_title&#8221; use_theme_fonts=&#8221;yes&#8221; el_class=&#8221;no_stripe&#8221;][stm_spacing lg_spacing=&#8221;6&#8243; md_spacing=&#8221;6&#8243; sm_spacing=&#8221;6&#8243; xs_spacing=&#8221;6&#8243;][vc_single_image source=&#8221;featured_image&#8221; img_size=&#8221;1130&#215;450&#8243;][stm_spacing lg_spacing=&#8221;50&#8243; md_spacing=&#8221;50&#8243; sm_spacing=&#8221;50&#8243; xs_spacing=&#8221;50&#8243;][\/vc_column][\/vc_row][vc_row][vc_column width=&#8221;1\/6&#8243; offset=&#8221;vc_hidden-sm vc_hidden-xs&#8221;][stm_post_about_author style=&#8221;style_2&#8243;][\/vc_column][vc_column offset=&#8221;vc_col-lg-8 vc_col-md-8&#8243; css=&#8221;.vc_custom_1576127026730{padding-right: 45px !important;}&#8221;][vc_column_text css=&#8221;.vc_custom_1697756738530{margin-bottom: 20px !important;}&#8221;]<\/p>\n<div class=\"vJOb1e aIfcHf qlOiDc\">\n<div class=\"iRPxbe\">\n<h3 class=\"n0jPhd ynAwRc MBeuO nDgy9d\" role=\"heading\" aria-level=\"3\"><strong>Comiss\u00f5es discutem possibilidade de fim do saque-anivers\u00e1rio do FGTS &#8211; Not\u00edcias<\/strong><\/h3>\n<\/div>\n<\/div>\n<p>A Comiss\u00e3o de Trabalho e a Comiss\u00e3o de Legisla\u00e7\u00e3o Participativa da C\u00e2mara dos Deputados realizam audi\u00eancia p\u00fablica conjunta nesta ter\u00e7a-feira (3) sobre os planos do governo em rela\u00e7\u00e3o ao saque-anivers\u00e1rio do Fundo de Garantia por Tempo de Servi\u00e7o\u00a0 (FGTS).<\/p>\n<p>&nbsp;<\/p>\n<p>O debate ser\u00e1 realizado no plen\u00e1rio 3, a partir das 10 horas, a pedido dos deputados Evair Vieira de Melo (PP-ES) e Leonardo Monteiro (PT-MG). Os interessados podem acompanhar a audi\u00eancia pelo canal da C\u00e2mara dos Deputados no YouTube.<\/p>\n<p>&nbsp;<\/p>\n<p>Veja quem foi convidado para discutir o assunto.<\/p>\n<p>O que \u00e9 o saque-anivers\u00e1rio<\/p>\n<p>Criado pela Lei 13.932\/19, o saque-anivers\u00e1rio permite ao trabalhador retirar parte do saldo de sua conta do FGTS, anualmente, no m\u00eas de seu anivers\u00e1rio.<\/p>\n<p>&nbsp;<\/p>\n<p>O empregado pode mudar de ideia e voltar para a modalidade tradicional, que s\u00f3 permite o saque em alguns casos como demiss\u00e3o sem justa causa e compra de im\u00f3veis.\u00a0Ao mudar de modalidade, no entanto, ele fica dois anos sem poder sacar o fundo, mesmo se for demitido.<\/p>\n<p>&nbsp;<\/p>\n<p>Desde que entrou em vigor (em abril de 2020), 28 milh\u00f5es de trabalhadores aderiram ao saque-anivers\u00e1rio e retiraram R$ 34 bilh\u00f5es do FGTS.<\/p>\n<p>&nbsp;<\/p>\n<p>Saiba mais sobre o saque-anivers\u00e1rio<\/p>\n<p>O que diz o minist\u00e9rio<\/p>\n<p>O\u00a0 ministro do Trabalho, Luiz Marinho, \u00e9 contra o saque-anivers\u00e1rio. Em janeiro, Marinho chegou a anunciar o fim dessa modalidade. No dia seguinte, no entanto, o ministro voltou atr\u00e1s.<\/p>\n<p>&nbsp;<\/p>\n<p>&#8220;A manuten\u00e7\u00e3o ou n\u00e3o do saque-anivers\u00e1rio do FGTS ser\u00e1 objeto de amplo debate junto ao Conselho Curador do FGTS e com as centrais sindicais&#8221;, escreveu Luiz Marinho em suas redes sociais.<\/p>\n<p>&nbsp;<\/p>\n<p>Vantagens<\/p>\n<p>&#8220;Essa modalidade \u00e9 uma op\u00e7\u00e3o para os tomadores de cr\u00e9dito, tem car\u00e1ter volunt\u00e1rio, \u00e9 segura e apresenta taxas competitivas entre as existentes no mercado&#8221;, argumentou argumentou Vieira de Melo, que tamb\u00e9m integra a Subcomiss\u00e3o do FGTS.<\/p>\n<p>&nbsp;<\/p>\n<p>&#8220;Propor sua extin\u00e7\u00e3o n\u00e3o \u00e9 vantajoso nem para o trabalhador nem para o mercado de cr\u00e9dito&#8221;, acrescentou.<\/p>\n<p>&nbsp;<\/p>\n<p>Desvantagens<\/p>\n<p>Para Leonardo Monteiro, &#8220;apesar da boa inten\u00e7\u00e3o dos legisladores, [o saque-anivers\u00e1rio] se tornou um mau para os trabalhadores&#8221;. O deputado afirma que muitos trabalhadores est\u00e3o transformando o saque-anivers\u00e1rio em um 14\u00ba sal\u00e1rio.<\/p>\n<p>&nbsp;<\/p>\n<p>&#8220;No momento de necessidade, ter\u00e3o um saldo menor. E, se forem demitidos sem justa causa, ter\u00e3o uma car\u00eancia de 25 meses para sacar o fundo daquela empresa&#8221;, alerta.<\/p>\n<p>&nbsp;<\/p>\n<p>Da Reda\u00e7\u00e3o &#8211; ND<\/p>\n<p>&nbsp;<\/p>\n<p>Fonte: Ag\u00eancia C\u00e2mara de Not\u00edcias[\/vc_column_text][vc_row_inner css=&#8221;.vc_custom_1452700243026{margin-bottom: 39px !important;}&#8221;][vc_column_inner width=&#8221;1\/2&#8243;][vc_column_text]O Minist\u00e9rio do Trabalho encaminhou um projeto \u00e0 Casa Civil com o objetivo de permitir que os trabalhadores que aderiram ao saque-anivers\u00e1rio do FGTS tenham a possibilidade de resgatar o valor restante de suas contas. A iniciativa visa corrigir uma suposta distor\u00e7\u00e3o e injusti\u00e7a em rela\u00e7\u00e3o aos trabalhadores.<\/p>\n<p>De acordo com a modalidade atual, os trabalhadores que optaram pelo saque-anivers\u00e1rio t\u00eam permiss\u00e3o para retirar anualmente uma parte de seus fundos do FGTS no m\u00eas de seu anivers\u00e1rio. Em caso de demiss\u00e3o, eles somente podem reaver a multa rescis\u00f3ria<\/p>\n<p>A proposta do Minist\u00e9rio do Trabalho visa conceder aos trabalhadores que escolheram o saque-anivers\u00e1rio a op\u00e7\u00e3o de sacar o saldo integral de suas contas, n\u00e3o ficando limitados \u00e0 multa rescis\u00f3ria.[\/vc_column_text][\/vc_column_inner][vc_column_inner width=&#8221;1\/2&#8243;][vc_column_text]<strong>Saque-anivers\u00e1rio do FGTS vai mudar? Vou poder resgatar o saldo total? Entenda<\/strong><\/p>\n<p>Tr\u00e2mites para mudan\u00e7a do saque-anivers\u00e1rio do FGTS<\/p>\n<p>At\u00e9 a proposta ser efetiva, ela ainda dever\u00e1 passar pela an\u00e1lise do presidente da Rep\u00fablica, para depois ser encaminhada ao Congresso Nacional.<\/p>\n<p>&nbsp;<\/p>\n<p>De acordo com o Minist\u00e9rio do Trabalho, essa implementa\u00e7\u00e3o poderia gerar um pacto financeiro de at\u00e9 R$ 14 bilh\u00f5es. Entretanto, o ministro da pasta, Luiz Marinho, recentemente assumiu o posto com sua principal frente de eliminar o tipo de saque-anivers\u00e1rio. Ele defende que ela n\u00e3o \u00e9 economicamente saud\u00e1vel \u00e0s finan\u00e7as dos trabalhadores.<\/p>\n<p>&nbsp;<\/p>\n<p>Contudo com resist\u00eancia do Congresso, o ministro demonstrou estar disposto a revisitar a medida em busca de outras op\u00e7\u00f5es.<\/p>\n<p>&nbsp;<\/p>\n<p>O saque-anivers\u00e1rio foi uma modalidade do FGTS criada em 2019, no primeiro ano de mandato de Jair Bolsonaro. Pela regra, os trabalhadores podem optar por receber anualmente uma taxa de seu saldo a conta do fundo de garantia, dentre 5% a 50%. Contudo, no caso de uma demiss\u00e3o sem justa causa, o trabalhador poder\u00e1 apenas receber a multa rescis\u00f3ria (no m\u00e1ximo 40% do saldo em conta), sem acesso ao valor integral.<\/p>\n<p>&nbsp;<\/p>\n<p>[\/vc_column_text][\/vc_column_inner][\/vc_row_inner][stm_post_tags][stm_post_comments][stm_spacing lg_spacing=&#8221;80&#8243; md_spacing=&#8221;80&#8243; sm_spacing=&#8221;30&#8243; xs_spacing=&#8221;20&#8243;][\/vc_column][vc_column width=&#8221;1\/6&#8243; offset=&#8221;vc_hidden-sm vc_hidden-xs&#8221;][stm_share_buttons][\/vc_column][\/vc_row]<\/p>\n<\/section>","protected":false},"excerpt":{"rendered":"<p>                Supported by a robust sales force and tight cost controls, Pharm Ltd. experienced sustained double-digit growth over a number of years, only to find that their supply chain struggled to keep pace.<\/p>\n","protected":false},"author":1,"featured_media":7475,"comment_status":"open","ping_status":"open","sticky":false,"template":"","format":"standard","meta":{"sfsi_plus_gutenberg_text_before_share":"","sfsi_plus_gutenberg_show_text_before_share":"","sfsi_plus_gutenberg_icon_type":"","sfsi_plus_gutenberg_icon_alignemt":"","sfsi_plus_gutenburg_max_per_row":"","footnotes":""},"categories":[16],"tags":[28,34,38,39],"class_list":["post-1368","post","type-post","status-publish","format-standard","has-post-thumbnail","hentry","category-economia","tag-consulting","tag-online-services","tag-portfolios","tag-themeforest"],"_links":{"self":[{"href":"https:\/\/dindincred.com.br\/index.php\/wp-json\/wp\/v2\/posts\/1368"}],"collection":[{"href":"https:\/\/dindincred.com.br\/index.php\/wp-json\/wp\/v2\/posts"}],"about":[{"href":"https:\/\/dindincred.com.br\/index.php\/wp-json\/wp\/v2\/types\/post"}],"author":[{"embeddable":true,"href":"https:\/\/dindincred.com.br\/index.php\/wp-json\/wp\/v2\/users\/1"}],"replies":[{"embeddable":true,"href":"https:\/\/dindincred.com.br\/index.php\/wp-json\/wp\/v2\/comments?post=1368"}],"version-history":[{"count":4,"href":"https:\/\/dindincred.com.br\/index.php\/wp-json\/wp\/v2\/posts\/1368\/revisions"}],"predecessor-version":[{"id":7476,"href":"https:\/\/dindincred.com.br\/index.php\/wp-json\/wp\/v2\/posts\/1368\/revisions\/7476"}],"wp:featuredmedia":[{"embeddable":true,"href":"https:\/\/dindincred.com.br\/index.php\/wp-json\/wp\/v2\/media\/7475"}],"wp:attachment":[{"href":"https:\/\/dindincred.com.br\/index.php\/wp-json\/wp\/v2\/media?parent=1368"}],"wp:term":[{"taxonomy":"category","embeddable":true,"href":"https:\/\/dindincred.com.br\/index.php\/wp-json\/wp\/v2\/categories?post=1368"},{"taxonomy":"post_tag","embeddable":true,"href":"https:\/\/dindincred.com.br\/index.php\/wp-json\/wp\/v2\/tags?post=1368"}],"curies":[{"name":"wp","href":"https:\/\/api.w.org\/{rel}","templated":true}]}}