{"id":8460,"date":"2019-12-20T20:16:00","date_gmt":"2019-12-21T00:16:00","guid":{"rendered":"https:\/\/dindincred.com.br\/?p=8460"},"modified":"2024-09-20T20:26:04","modified_gmt":"2024-09-21T00:26:04","slug":"nova-lei-sobre-aposentadoria-dos-militares-entra-em-vigor-ampliacao-de-tempo-de-servico-aumento-de-aliquotas-e-reajustes-anuais-ate-2023","status":"publish","type":"post","link":"https:\/\/dindincred.com.br\/index.php\/2019\/12\/20\/nova-lei-sobre-aposentadoria-dos-militares-entra-em-vigor-ampliacao-de-tempo-de-servico-aumento-de-aliquotas-e-reajustes-anuais-ate-2023\/","title":{"rendered":"Nova Lei sobre Aposentadoria dos Militares Entra em Vigor: Amplia\u00e7\u00e3o de Tempo de Servi\u00e7o, Aumento de Al\u00edquotas e Reajustes Anuais at\u00e9 2023"},"content":{"rendered":"<p><strong>Nova Lei sobre Aposentadoria dos Militares Entra em Vigor: Amplia\u00e7\u00e3o de Tempo de Servi\u00e7o, Aumento de Al\u00edquotas e Reajustes Anuais at\u00e9 2023<\/strong><\/p><p>No final de 2019, o presidente Jair Bolsonaro sancionou a <strong>Lei 13.954\/2019<\/strong>, que promove importantes altera\u00e7\u00f5es nas regras de aposentadoria e pens\u00f5es para os militares das For\u00e7as Armadas, policiais militares e bombeiros estaduais. A nova legisla\u00e7\u00e3o faz parte do pacote de reformas previdenci\u00e1rias do governo, focada em equilibrar as contas p\u00fablicas e trazer maior sustentabilidade financeira ao sistema de previd\u00eancia dos militares.<\/p><h3 class=\"wp-block-heading\"><strong>Principais Mudan\u00e7as: Aposentadoria e Tempo de Servi\u00e7o<\/strong><\/h3><p>Uma das mudan\u00e7as mais significativas da nova lei \u00e9 a amplia\u00e7\u00e3o do tempo m\u00ednimo de servi\u00e7o para aposentadoria dos militares, que subiu de <strong>30 para 35 anos<\/strong>. Essa medida foi adotada para alinhar a previd\u00eancia militar com as exig\u00eancias de outras categorias, como parte da reforma mais ampla que tamb\u00e9m abrange os servidores civis. Apesar disso, os militares continuam sem a exig\u00eancia de idade m\u00ednima para se aposentar (passar para a reserva remunerada).<\/p><p>A lei tamb\u00e9m introduz uma <strong>regra de transi\u00e7\u00e3o<\/strong> para aqueles que j\u00e1 est\u00e3o na ativa. Esses militares ter\u00e3o de cumprir um ped\u00e1gio de <strong>17% sobre o tempo restante<\/strong> para completar os 30 anos de servi\u00e7o. Isso significa que, se um militar tivesse 25 anos de servi\u00e7o no momento da san\u00e7\u00e3o da lei, ele precisaria cumprir 5 anos adicionais mais o ped\u00e1gio de 17% sobre esse tempo, totalizando um tempo de servi\u00e7o adicional de 5,85 anos.<\/p><h3 class=\"wp-block-heading\"><strong>Adicionais e Reajustes<\/strong><\/h3><p>Al\u00e9m das mudan\u00e7as no tempo de servi\u00e7o, a nova legisla\u00e7\u00e3o cria o <strong>Adicional de Compensa\u00e7\u00e3o de Disponibilidade Militar<\/strong>, que varia de <strong>5% a 32%<\/strong>, dependendo da patente do militar. Para os oficiais-generais, esse percentual ser\u00e1 ainda maior, indo de <strong>35% a 41%<\/strong>. Esse adicional foi criado para compensar a dedica\u00e7\u00e3o exclusiva e a prontid\u00e3o exigida dos militares, que muitas vezes est\u00e3o dispon\u00edveis para servi\u00e7o em tempo integral, sem a mesma flexibilidade de outras profiss\u00f5es.<\/p><p>Outro ponto importante \u00e9 o <strong>Adicional de Habilita\u00e7\u00e3o<\/strong>, que ser\u00e1 reajustado anualmente at\u00e9 2023. Esse adicional, que varia conforme o grau de especializa\u00e7\u00e3o e forma\u00e7\u00e3o do militar, ser\u00e1 incorporado aos soldos, garantindo aumentos graduais nos sal\u00e1rios ao longo desse per\u00edodo.<\/p><h3 class=\"wp-block-heading\"><strong>Aumento das Al\u00edquotas para Pens\u00f5es Militares<\/strong><\/h3><p>Uma das mudan\u00e7as mais impactantes da <strong>Lei 13.954\/2019<\/strong> est\u00e1 na <strong>contribui\u00e7\u00e3o para pens\u00f5es militares<\/strong>, que sofrer\u00e1 um aumento significativo. A al\u00edquota de contribui\u00e7\u00e3o dos militares ativos e inativos subir\u00e1 dos atuais <strong>7,5% para 10,5%<\/strong>, enquanto <strong>pensionistas<\/strong>, que antes n\u00e3o eram obrigados a contribuir, passar\u00e3o a recolher pelo menos <strong>10,5%<\/strong> a partir de 2021.<\/p><p>Para pensionistas em situa\u00e7\u00f5es espec\u00edficas, como filhas pensionistas vital\u00edcias n\u00e3o inv\u00e1lidas, a contribui\u00e7\u00e3o poder\u00e1 chegar a <strong>13,5%<\/strong>. Essa mudan\u00e7a visa reduzir o d\u00e9ficit previdenci\u00e1rio e alinhar o sistema previdenci\u00e1rio militar \u00e0s novas exig\u00eancias fiscais e econ\u00f4micas do pa\u00eds.<\/p><p>Al\u00e9m da contribui\u00e7\u00e3o para pens\u00f5es, os militares continuar\u00e3o a pagar <strong>3,5% para assist\u00eancia m\u00e9dica, hospitalar e social<\/strong>, elevando a soma total das contribui\u00e7\u00f5es de ativos, inativos e pensionistas para <strong>14%<\/strong>.<\/p><h3 class=\"wp-block-heading\"><strong>Impacto Econ\u00f4mico e Justificativas<\/strong><\/h3><p>O <strong>Minist\u00e9rio da Economia<\/strong> estima que, com essas mudan\u00e7as, a Uni\u00e3o ter\u00e1 uma <strong>economia l\u00edquida de R$ 10,45 bilh\u00f5es em dez anos<\/strong>. Esse valor, embora significativo, \u00e9 uma fra\u00e7\u00e3o do impacto esperado com a reforma previdenci\u00e1ria para os civis, que visa economizar mais de <strong>R$ 800 bilh\u00f5es no mesmo per\u00edodo<\/strong>. No entanto, o governo argumenta que a reforma dos militares \u00e9 igualmente necess\u00e1ria para garantir o equil\u00edbrio fiscal e a sustentabilidade do sistema previdenci\u00e1rio.<\/p><p>A nova lei foi vista como uma tentativa de equilibrar a necessidade de reformar a previd\u00eancia dos militares, respeitando as especificidades de uma carreira que exige dedica\u00e7\u00e3o exclusiva, com a press\u00e3o para reduzir o d\u00e9ficit fiscal do Brasil.<\/p><h3 class=\"wp-block-heading\"><strong>Rea\u00e7\u00e3o e Expectativas<\/strong><\/h3><p>A aprova\u00e7\u00e3o da <strong>Lei 13.954\/2019<\/strong> gerou rea\u00e7\u00f5es mistas. Muitos militares reconheceram a necessidade da reforma, mas houve questionamentos sobre o aumento das contribui\u00e7\u00f5es para pens\u00f5es e o alongamento do tempo de servi\u00e7o. As associa\u00e7\u00f5es de militares, em especial, acompanharam de perto as discuss\u00f5es no Congresso e se mobilizaram para garantir que as especificidades da carreira militar fossem respeitadas na nova legisla\u00e7\u00e3o.<\/p><p>A amplia\u00e7\u00e3o do tempo de servi\u00e7o e o aumento das al\u00edquotas para pens\u00f5es foram vistos como inevit\u00e1veis para garantir a sustentabilidade do sistema, mas os reajustes no Adicional de Habilita\u00e7\u00e3o e na Compensa\u00e7\u00e3o de Disponibilidade foram bem recebidos, pois visam recompensar os militares por sua dedica\u00e7\u00e3o e especializa\u00e7\u00e3o.<\/p><h3 class=\"wp-block-heading\"><strong>Conclus\u00e3o<\/strong><\/h3><p>A <strong>Lei 13.954\/2019<\/strong> traz uma s\u00e9rie de mudan\u00e7as significativas para a previd\u00eancia dos militares brasileiros. Com o aumento do tempo de servi\u00e7o, a eleva\u00e7\u00e3o das al\u00edquotas de contribui\u00e7\u00e3o e a cria\u00e7\u00e3o de novos adicionais, a reforma busca garantir o equil\u00edbrio financeiro do sistema previdenci\u00e1rio, ao mesmo tempo em que reconhece as peculiaridades da carreira militar. A expectativa \u00e9 que as mudan\u00e7as contribuam para a estabilidade fiscal do pa\u00eds, ao passo que os militares poder\u00e3o contar com uma maior clareza sobre seus direitos e deveres no que se refere \u00e0 aposentadoria e pens\u00f5es.<\/p><p><strong>Fontes<\/strong>:<\/p><ul class=\"wp-block-list\"><li>Lei n\u00ba 13.954\/2019 \u2013 Reforma da Previd\u00eancia dos Militares.<\/li>\n\n<li>Lei n\u00ba 6.880\/1980 \u2013 Estatuto dos Militares.<\/li>\n\n<li>Lei n\u00ba 3.765\/1960 \u2013 Lei de Pens\u00f5es Militares.<\/li>\n\n<li>Ag\u00eancia C\u00e2mara de Not\u00edcias.<\/li>\n\n<li>Minist\u00e9rio da Economia.<\/li><\/ul><p><\/p>","protected":false},"excerpt":{"rendered":"<p>Nova Lei sobre Aposentadoria dos Militares Entra em Vigor: Amplia\u00e7\u00e3o de Tempo de Servi\u00e7o, Aumento de Al\u00edquotas e Reajustes Anuais at\u00e9 2023 No final de 2019, o presidente Jair Bolsonaro sancionou a Lei 13.954\/2019, que promove importantes altera\u00e7\u00f5es nas regras de aposentadoria e pens\u00f5es para os militares das For\u00e7as Armadas, policiais militares e bombeiros estaduais.<\/p>\n","protected":false},"author":1,"featured_media":8441,"comment_status":"open","ping_status":"open","sticky":false,"template":"","format":"standard","meta":{"sfsi_plus_gutenberg_text_before_share":"","sfsi_plus_gutenberg_show_text_before_share":"","sfsi_plus_gutenberg_icon_type":"","sfsi_plus_gutenberg_icon_alignemt":"","sfsi_plus_gutenburg_max_per_row":"","footnotes":""},"categories":[1],"tags":[193,189,192,190,188,187,194,185,138,197,195,196,186,191],"class_list":["post-8460","post","type-post","status-publish","format-standard","has-post-thumbnail","hentry","category-blog","tag-adicionaldehabilitao","tag-alquotadecontribuio","tag-aposentadoriamilitares","tag-bombeirosestaduais","tag-compensaodedisponibilidade","tag-contribuioprevidenciria","tag-forasarmadas","tag-lei13954","tag-pensionistasmilitares","tag-policiaismilitares","tag-reajustessalariais","tag-reformaprevidncia","tag-reformaprevidnciamilitar","tag-tempodeserviomilitar"],"_links":{"self":[{"href":"https:\/\/dindincred.com.br\/index.php\/wp-json\/wp\/v2\/posts\/8460"}],"collection":[{"href":"https:\/\/dindincred.com.br\/index.php\/wp-json\/wp\/v2\/posts"}],"about":[{"href":"https:\/\/dindincred.com.br\/index.php\/wp-json\/wp\/v2\/types\/post"}],"author":[{"embeddable":true,"href":"https:\/\/dindincred.com.br\/index.php\/wp-json\/wp\/v2\/users\/1"}],"replies":[{"embeddable":true,"href":"https:\/\/dindincred.com.br\/index.php\/wp-json\/wp\/v2\/comments?post=8460"}],"version-history":[{"count":1,"href":"https:\/\/dindincred.com.br\/index.php\/wp-json\/wp\/v2\/posts\/8460\/revisions"}],"predecessor-version":[{"id":8461,"href":"https:\/\/dindincred.com.br\/index.php\/wp-json\/wp\/v2\/posts\/8460\/revisions\/8461"}],"wp:featuredmedia":[{"embeddable":true,"href":"https:\/\/dindincred.com.br\/index.php\/wp-json\/wp\/v2\/media\/8441"}],"wp:attachment":[{"href":"https:\/\/dindincred.com.br\/index.php\/wp-json\/wp\/v2\/media?parent=8460"}],"wp:term":[{"taxonomy":"category","embeddable":true,"href":"https:\/\/dindincred.com.br\/index.php\/wp-json\/wp\/v2\/categories?post=8460"},{"taxonomy":"post_tag","embeddable":true,"href":"https:\/\/dindincred.com.br\/index.php\/wp-json\/wp\/v2\/tags?post=8460"}],"curies":[{"name":"wp","href":"https:\/\/api.w.org\/{rel}","templated":true}]}}