{"id":8526,"date":"2025-01-13T20:21:24","date_gmt":"2025-01-14T00:21:24","guid":{"rendered":"https:\/\/dindincred.com.br\/?p=8526"},"modified":"2025-01-13T20:23:33","modified_gmt":"2025-01-14T00:23:33","slug":"governo-anuncia-reajustes-proporcionais-do-inss-em-2025-veja-tabela-completa","status":"publish","type":"post","link":"https:\/\/dindincred.com.br\/index.php\/2025\/01\/13\/governo-anuncia-reajustes-proporcionais-do-inss-em-2025-veja-tabela-completa\/","title":{"rendered":"Governo anuncia reajustes proporcionais do INSS em 2025; veja tabela completa"},"content":{"rendered":"<h3 class=\"wp-block-heading\">O governo federal anunciou, nesta segunda-feira (13), os reajustes proporcionais para os benefici\u00e1rios do Instituto Nacional do Seguro Social (INSS) em 2025. A corre\u00e7\u00e3o salarial ser\u00e1 aplicada conforme o m\u00eas de in\u00edcio do recebimento do benef\u00edcio, afetando aposentados, pensionistas e outros segurados do INSS.<\/h3><h4 class=\"wp-block-heading\">Novo teto do INSS para 2025<\/h4><p><img loading=\"lazy\" decoding=\"async\" class=\"size-medium wp-image-8479 alignleft\" src=\"https:\/\/dindincred.com.br\/wp-content\/uploads\/2023\/10\/medium-shot-smiley-couple-outside-300x200.jpg\" alt=\"\" width=\"300\" height=\"200\" srcset=\"https:\/\/dindincred.com.br\/wp-content\/uploads\/2023\/10\/medium-shot-smiley-couple-outside-300x200.jpg 300w, https:\/\/dindincred.com.br\/wp-content\/uploads\/2023\/10\/medium-shot-smiley-couple-outside-1024x683.jpg 1024w, https:\/\/dindincred.com.br\/wp-content\/uploads\/2023\/10\/medium-shot-smiley-couple-outside-768x512.jpg 768w, https:\/\/dindincred.com.br\/wp-content\/uploads\/2023\/10\/medium-shot-smiley-couple-outside-1536x1024.jpg 1536w, https:\/\/dindincred.com.br\/wp-content\/uploads\/2023\/10\/medium-shot-smiley-couple-outside-2048x1365.jpg 2048w, https:\/\/dindincred.com.br\/wp-content\/uploads\/2023\/10\/medium-shot-smiley-couple-outside-900x600.jpg 900w, https:\/\/dindincred.com.br\/wp-content\/uploads\/2023\/10\/medium-shot-smiley-couple-outside-600x400.jpg 600w\" sizes=\"(max-width: 300px) 100vw, 300px\" \/>O valor m\u00e1ximo dos benef\u00edcios, conhecido como teto previdenci\u00e1rio, foi confirmado em <strong>R$ 8.157,41<\/strong>. Esse aumento acompanha o \u00edndice oficial de infla\u00e7\u00e3o medido pelo INPC (\u00cdndice Nacional de Pre\u00e7os ao Consumidor) acumulado em 2024, que \u00e9 utilizado como base para reajustar os benef\u00edcios acima do sal\u00e1rio m\u00ednimo.<\/p><h4 class=\"wp-block-heading\">\u00a0<\/h4>\r\n<h4>\u00a0<\/h4>\r\n<h4>\u00a0<\/h4>\r\n<h4 class=\"wp-block-heading\">Corre\u00e7\u00e3o proporcional<\/h4><p>Para aqueles que passaram a receber o benef\u00edcio ap\u00f3s janeiro de 2024, o reajuste ser\u00e1 proporcional ao per\u00edodo de recebimento. Isso significa que, quanto mais tarde o benef\u00edcio foi concedido, menor ser\u00e1 o percentual de reajuste aplicado.<\/p><h4 class=\"wp-block-heading\">Tabela de reajustes do INSS 2025<\/h4><p>Confira abaixo os percentuais de reajuste para os benef\u00edcios concedidos em cada m\u00eas:<\/p><figure class=\"wp-block-table\">\r\n<table class=\"has-fixed-layout\">\r\n<tbody>\r\n<tr>\r\n<th>M\u00eas de In\u00edcio do Benef\u00edcio<\/th>\r\n<th>Percentual de Reajuste<\/th>\r\n<\/tr>\r\n<tr>\r\n<td>Janeiro de 2024<\/td>\r\n<td>5,00%<\/td>\r\n<\/tr>\r\n<tr>\r\n<td>Fevereiro de 2024<\/td>\r\n<td>4,58%<\/td>\r\n<\/tr>\r\n<tr>\r\n<td>Mar\u00e7o de 2024<\/td>\r\n<td>4,17%<\/td>\r\n<\/tr>\r\n<tr>\r\n<td>Abril de 2024<\/td>\r\n<td>3,75%<\/td>\r\n<\/tr>\r\n<tr>\r\n<td>Maio de 2024<\/td>\r\n<td>3,33%<\/td>\r\n<\/tr>\r\n<tr>\r\n<td>Junho de 2024<\/td>\r\n<td>2,92%<\/td>\r\n<\/tr>\r\n<tr>\r\n<td>Julho de 2024<\/td>\r\n<td>2,50%<\/td>\r\n<\/tr>\r\n<tr>\r\n<td>Agosto de 2024<\/td>\r\n<td>2,08%<\/td>\r\n<\/tr>\r\n<tr>\r\n<td>Setembro de 2024<\/td>\r\n<td>1,67%<\/td>\r\n<\/tr>\r\n<tr>\r\n<td>Outubro de 2024<\/td>\r\n<td>1,25%<\/td>\r\n<\/tr>\r\n<tr>\r\n<td>Novembro de 2024<\/td>\r\n<td>0,83%<\/td>\r\n<\/tr>\r\n<tr>\r\n<td>Dezembro de 2024<\/td>\r\n<td>0,42%<\/td>\r\n<\/tr>\r\n<\/tbody>\r\n<\/table>\r\n<\/figure><h4 class=\"wp-block-heading\">Benef\u00edcios atrelados ao sal\u00e1rio m\u00ednimo<\/h4><p>Para os benef\u00edcios de valor igual ao sal\u00e1rio m\u00ednimo, o reajuste seguir\u00e1 o novo piso nacional, que tamb\u00e9m ser\u00e1 corrigido com base no INPC. Em 2025, a expectativa \u00e9 de que o sal\u00e1rio m\u00ednimo seja elevado para <strong>R$ 1.421,00<\/strong>, conforme previs\u00e3o do Minist\u00e9rio da Fazenda.<\/p><h4 class=\"wp-block-heading\">Impacto para os segurados<\/h4><p>O reajuste tem como objetivo preservar o poder de compra dos benefici\u00e1rios frente \u00e0 infla\u00e7\u00e3o acumulada. Com o teto fixado em R$ 8.157,41 e a corre\u00e7\u00e3o proporcional aplicada aos novos benefici\u00e1rios, o governo busca equilibrar as finan\u00e7as do sistema previdenci\u00e1rio e oferecer uma justa atualiza\u00e7\u00e3o para quem depende do INSS.<\/p><h4 class=\"wp-block-heading\">Como consultar seu benef\u00edcio atualizado<\/h4><p>Os segurados podem conferir o valor atualizado do benef\u00edcio a partir de janeiro de 2025. Para isso, basta acessar o aplicativo <strong>Meu INSS<\/strong> ou entrar em contato pelo telefone 135. Em caso de d\u00favidas, \u00e9 recomend\u00e1vel procurar um especialista em previd\u00eancia ou o sindicato da sua categoria.<\/p><h3 class=\"wp-block-heading\">Conclus\u00e3o<\/h3><p>Os reajustes anunciados representam um al\u00edvio para milh\u00f5es de brasileiros que dependem dos benef\u00edcios do INSS. Com a corre\u00e7\u00e3o proporcional, o governo refor\u00e7a o compromisso em ajustar os valores de acordo com a infla\u00e7\u00e3o, garantindo maior seguran\u00e7a financeira para os segurados.<\/p>","protected":false},"excerpt":{"rendered":"<p>O governo federal anunciou, nesta segunda-feira (13), os reajustes proporcionais para os benefici\u00e1rios do Instituto Nacional do Seguro Social (INSS) em 2025. A corre\u00e7\u00e3o salarial ser\u00e1 aplicada conforme o m\u00eas de in\u00edcio do recebimento do benef\u00edcio, afetando aposentados, pensionistas e outros segurados do INSS. Novo teto do INSS para 2025 O valor m\u00e1ximo dos benef\u00edcios,<\/p>\n","protected":false},"author":1,"featured_media":0,"comment_status":"open","ping_status":"open","sticky":false,"template":"","format":"standard","meta":{"sfsi_plus_gutenberg_text_before_share":"","sfsi_plus_gutenberg_show_text_before_share":"","sfsi_plus_gutenberg_icon_type":"","sfsi_plus_gutenberg_icon_alignemt":"","sfsi_plus_gutenburg_max_per_row":"","footnotes":""},"categories":[1],"tags":[240,244,250,243,246,242,249,247,245,239,241,251,248],"class_list":["post-8526","post","type-post","status-publish","format-standard","hentry","category-blog","tag-meu-inss-2025","tag-novo-teto-inss","tag-percentuais-inss-2025","tag-reajuste-salario-inss-e-beneficios-salario-minimo","tag-reajustes-inss-2025","tag-salario-minimo-2025","tag-tabela-de-reajuste-inss","tag-teto-previdenciario","tag-valores-previdenciarios-2025-e-inss-2025-para-facilitar-buscas-relacionadas","tag-como-consulta-beneficio-inss","tag-e-atualizacao-inss","tag-e-beneficios-previdenciarios-2025","tag-e-percentual-de-correcao-para-ajudar-na-otimizacao-de-seo"],"_links":{"self":[{"href":"https:\/\/dindincred.com.br\/index.php\/wp-json\/wp\/v2\/posts\/8526"}],"collection":[{"href":"https:\/\/dindincred.com.br\/index.php\/wp-json\/wp\/v2\/posts"}],"about":[{"href":"https:\/\/dindincred.com.br\/index.php\/wp-json\/wp\/v2\/types\/post"}],"author":[{"embeddable":true,"href":"https:\/\/dindincred.com.br\/index.php\/wp-json\/wp\/v2\/users\/1"}],"replies":[{"embeddable":true,"href":"https:\/\/dindincred.com.br\/index.php\/wp-json\/wp\/v2\/comments?post=8526"}],"version-history":[{"count":1,"href":"https:\/\/dindincred.com.br\/index.php\/wp-json\/wp\/v2\/posts\/8526\/revisions"}],"predecessor-version":[{"id":8527,"href":"https:\/\/dindincred.com.br\/index.php\/wp-json\/wp\/v2\/posts\/8526\/revisions\/8527"}],"wp:attachment":[{"href":"https:\/\/dindincred.com.br\/index.php\/wp-json\/wp\/v2\/media?parent=8526"}],"wp:term":[{"taxonomy":"category","embeddable":true,"href":"https:\/\/dindincred.com.br\/index.php\/wp-json\/wp\/v2\/categories?post=8526"},{"taxonomy":"post_tag","embeddable":true,"href":"https:\/\/dindincred.com.br\/index.php\/wp-json\/wp\/v2\/tags?post=8526"}],"curies":[{"name":"wp","href":"https:\/\/api.w.org\/{rel}","templated":true}]}}