{"id":8794,"date":"2024-09-26T11:59:00","date_gmt":"2024-09-26T15:59:00","guid":{"rendered":"https:\/\/dindincred.com.br\/?p=8794"},"modified":"2025-02-21T12:01:18","modified_gmt":"2025-02-21T16:01:18","slug":"governo-de-ms-concede-reajuste-nos-plantoes-dos-profissionais-da-saude","status":"publish","type":"post","link":"https:\/\/dindincred.com.br\/index.php\/2024\/09\/26\/governo-de-ms-concede-reajuste-nos-plantoes-dos-profissionais-da-saude\/","title":{"rendered":"Governo de MS concede reajuste nos plant\u00f5es dos profissionais da Sa\u00fade"},"content":{"rendered":"<div class=\"wp-block-image\"><figure class=\"alignleft size-full\"><img loading=\"lazy\" decoding=\"async\" width=\"294\" height=\"171\" src=\"https:\/\/dindincred.com.br\/wp-content\/uploads\/2025\/02\/Governo-MS-5.jpg\" alt=\"\" class=\"wp-image-8787\"\/><\/figure><\/div><h2 class=\"wp-block-heading\">O Governo de Mato Grosso do Sul atendeu a uma reivindica\u00e7\u00e3o antiga dos servidores da \u00e1rea de sa\u00fade e anunciou, nesta quinta-feira (5), um reajuste no valor dos plant\u00f5es. <\/h2><p><\/p><p>O Governo de Mato Grosso do Sul atendeu a uma reivindica\u00e7\u00e3o antiga dos servidores da \u00e1rea de sa\u00fade e anunciou, nesta quinta-feira (5), um reajuste no valor dos plant\u00f5es. A formaliza\u00e7\u00e3o da medida ocorreu em cerim\u00f4nia realizada com a presen\u00e7a do governador Eduardo Riedel, do presidente do Sindicato dos Servidores da Sa\u00fade de Mato Grosso do Sul (SINTSS\/MS), Alexandre J\u00fanior Costa, e dos secret\u00e1rios estaduais Maur\u00edcio Sim\u00f5es (Sa\u00fade), Rodrigo Perez (Governo e Gest\u00e3o Estrat\u00e9gica) e Frederico Felini (Administra\u00e7\u00e3o), al\u00e9m de Marielle Alves Corr\u00eaa Esgalha, diretora-presidente da Funda\u00e7\u00e3o de Servi\u00e7os de Sa\u00fade de Mato Grosso do Sul (Funsau).<\/p><h3 class=\"wp-block-heading\">Maior incentivo aos profissionais<\/h3><p>De acordo com o governador Eduardo Riedel, a decis\u00e3o est\u00e1 alinhada aos esfor\u00e7os do Estado em melhorar o sistema p\u00fablico de sa\u00fade como um todo. Segundo ele, valorizar os trabalhadores \u00e9 um passo essencial para assegurar servi\u00e7os de maior qualidade \u00e0 popula\u00e7\u00e3o.<\/p><blockquote class=\"wp-block-quote is-layout-flow wp-block-quote-is-layout-flow\"><p>\u201cDesta forma, vamos avan\u00e7ando com uma sa\u00fade mais eficiente para o cidad\u00e3o e a cidad\u00e3, e na busca de resultados e produtividade\u201d, enfatizou Riedel.<\/p><\/blockquote><p>O secret\u00e1rio de Sa\u00fade, Maur\u00edcio Sim\u00f5es, refor\u00e7ou o compromisso da pasta em perseguir melhorias na qualidade dos servi\u00e7os prestados \u00e0 popula\u00e7\u00e3o, enquanto a diretora-presidente da Funsau, Marielle Esgalha, destacou a import\u00e2ncia de corrigir a defasagem dos valores de plant\u00e3o dentro dos par\u00e2metros de mercado.<\/p><h3 class=\"wp-block-heading\">Novos valores<\/h3><p>O decreto assinado pelo governador prev\u00ea um aumento significativo na hora\/plant\u00e3o de diversas categorias:<\/p><ul class=\"wp-block-list\"><li><strong>N\u00edvel Superior (exceto m\u00e9dicos, cirurgi\u00f5es dentistas e odont\u00f3logos):<\/strong> de R$ 32 para R$ 48<\/li>\n\n<li><strong>N\u00edvel M\u00e9dio (t\u00e9cnico de enfermagem):<\/strong> de R$ 15 para R$ 25,50<\/li>\n\n<li><strong>N\u00edvel Fundamental (auxiliar de enfermagem):<\/strong> de R$ 11 para R$ 19,80<\/li>\n\n<li><strong>M\u00e9dicos, cirurgi\u00f5es dentistas e odont\u00f3logos:<\/strong> de R$ 100 para R$ 150<\/li><\/ul><p>Representantes sindicais afirmam que a iniciativa ajuda a equilibrar os sal\u00e1rios, considerando a carga de trabalho e as altas demandas existentes nos hospitais e unidades de sa\u00fade. O presidente do SINTSS\/MS, Alexandre J\u00fanior Costa, elogiou a decis\u00e3o como uma vit\u00f3ria alcan\u00e7ada ap\u00f3s diversas tentativas de negocia\u00e7\u00e3o.<\/p><h3 class=\"wp-block-heading\">Retroativo a 1\u00ba de setembro<\/h3><p>Um ponto de destaque \u00e9 que o reajuste ter\u00e1 efeitos financeiros retroativos a <strong>1\u00ba de setembro de 2024<\/strong>, beneficiando servidores que atuam diretamente na linha de frente do atendimento em sa\u00fade p\u00fablica. Isso se soma a outras a\u00e7\u00f5es do governo estadual focadas em otimizar o setor, como a amplia\u00e7\u00e3o de programas de capacita\u00e7\u00e3o profissional e a moderniza\u00e7\u00e3o de equipamentos em unidades hospitalares.<\/p><h3 class=\"wp-block-heading\">Pr\u00f3ximos passos<\/h3><p>A expectativa \u00e9 que o projeto seja recebido de forma positiva pelos profissionais, contribuindo para a redu\u00e7\u00e3o da rotatividade e para a cria\u00e7\u00e3o de um ambiente de trabalho mais atrativo. A Secretaria de Estado de Sa\u00fade (SES) planeja, ainda, monitorar o impacto financeiro da medida nos cofres p\u00fablicos, para assegurar a sustentabilidade do reajuste ao longo do tempo.<\/p><p>Embora as categorias envolvidas comemorem a conquista, entidades representativas frisam a necessidade de continuar dialogando com o governo a fim de aprimorar outras condi\u00e7\u00f5es de trabalho e ampliar investimentos em infraestrutura. Para muitos, o reajuste \u00e9 apenas a primeira de uma s\u00e9rie de a\u00e7\u00f5es destinadas a tornar o servi\u00e7o p\u00fablico de sa\u00fade mais eficaz e pr\u00f3ximo da popula\u00e7\u00e3o.<\/p>","protected":false},"excerpt":{"rendered":"<p>O Governo de Mato Grosso do Sul atendeu a uma reivindica\u00e7\u00e3o antiga dos servidores da \u00e1rea de sa\u00fade e anunciou, nesta quinta-feira (5), um reajuste no valor dos plant\u00f5es. O Governo de Mato Grosso do Sul atendeu a uma reivindica\u00e7\u00e3o antiga dos servidores da \u00e1rea de sa\u00fade e anunciou, nesta quinta-feira (5), um reajuste no<\/p>\n","protected":false},"author":1,"featured_media":0,"comment_status":"open","ping_status":"open","sticky":false,"template":"","format":"standard","meta":{"sfsi_plus_gutenberg_text_before_share":"","sfsi_plus_gutenberg_show_text_before_share":"","sfsi_plus_gutenberg_icon_type":"","sfsi_plus_gutenberg_icon_alignemt":"","sfsi_plus_gutenburg_max_per_row":"","footnotes":""},"categories":[1],"tags":[],"class_list":["post-8794","post","type-post","status-publish","format-standard","hentry","category-blog"],"_links":{"self":[{"href":"https:\/\/dindincred.com.br\/index.php\/wp-json\/wp\/v2\/posts\/8794"}],"collection":[{"href":"https:\/\/dindincred.com.br\/index.php\/wp-json\/wp\/v2\/posts"}],"about":[{"href":"https:\/\/dindincred.com.br\/index.php\/wp-json\/wp\/v2\/types\/post"}],"author":[{"embeddable":true,"href":"https:\/\/dindincred.com.br\/index.php\/wp-json\/wp\/v2\/users\/1"}],"replies":[{"embeddable":true,"href":"https:\/\/dindincred.com.br\/index.php\/wp-json\/wp\/v2\/comments?post=8794"}],"version-history":[{"count":1,"href":"https:\/\/dindincred.com.br\/index.php\/wp-json\/wp\/v2\/posts\/8794\/revisions"}],"predecessor-version":[{"id":8795,"href":"https:\/\/dindincred.com.br\/index.php\/wp-json\/wp\/v2\/posts\/8794\/revisions\/8795"}],"wp:attachment":[{"href":"https:\/\/dindincred.com.br\/index.php\/wp-json\/wp\/v2\/media?parent=8794"}],"wp:term":[{"taxonomy":"category","embeddable":true,"href":"https:\/\/dindincred.com.br\/index.php\/wp-json\/wp\/v2\/categories?post=8794"},{"taxonomy":"post_tag","embeddable":true,"href":"https:\/\/dindincred.com.br\/index.php\/wp-json\/wp\/v2\/tags?post=8794"}],"curies":[{"name":"wp","href":"https:\/\/api.w.org\/{rel}","templated":true}]}}