{"id":8796,"date":"2024-12-16T12:07:21","date_gmt":"2024-12-16T16:07:21","guid":{"rendered":"https:\/\/dindincred.com.br\/?p=8796"},"modified":"2025-02-21T12:09:20","modified_gmt":"2025-02-21T16:09:20","slug":"projeto-de-lei-preve-reajuste-setorial-para-servidores-de-fiscalizacao-e-gestao-ambiental","status":"publish","type":"post","link":"https:\/\/dindincred.com.br\/index.php\/2024\/12\/16\/projeto-de-lei-preve-reajuste-setorial-para-servidores-de-fiscalizacao-e-gestao-ambiental\/","title":{"rendered":"Projeto de Lei prev\u00ea reajuste setorial para servidores de Fiscaliza\u00e7\u00e3o e Gest\u00e3o Ambiental"},"content":{"rendered":"<div class=\"wp-block-image\"><figure class=\"alignleft size-full is-resized\"><img loading=\"lazy\" decoding=\"async\" width=\"305\" height=\"165\" src=\"https:\/\/dindincred.com.br\/wp-content\/uploads\/2025\/02\/Governo-MS-3.jpg\" alt=\"\" class=\"wp-image-8786\" style=\"width:386px;height:auto\" srcset=\"https:\/\/dindincred.com.br\/wp-content\/uploads\/2025\/02\/Governo-MS-3.jpg 305w, https:\/\/dindincred.com.br\/wp-content\/uploads\/2025\/02\/Governo-MS-3-300x162.jpg 300w\" sizes=\"(max-width: 305px) 100vw, 305px\" \/><\/figure><\/div><h2 class=\"wp-block-heading\">Projeto de Lei prev\u00ea reajuste setorial para servidores de Fiscaliza\u00e7\u00e3o e Gest\u00e3o Ambiental<\/h2><p><\/p><p><\/p><p>Foi encaminhado \u00e0 Assembleia Legislativa de Mato Grosso do Sul (ALEMS) o <strong>Projeto de Lei 287\/2024<\/strong>, de autoria do Poder Executivo, que altera a reda\u00e7\u00e3o do Anexo V da Lei 4.488, de 3 de abril de 2014. A mat\u00e9ria foi lida na sess\u00e3o plen\u00e1ria desta ter\u00e7a-feira (10), na presen\u00e7a dos deputados estaduais, e agora segue para an\u00e1lise da Comiss\u00e3o de Constitui\u00e7\u00e3o, Justi\u00e7a e Reda\u00e7\u00e3o (CCJR).<\/p><h3 class=\"wp-block-heading\">Objetivos e justificativas<\/h3><p>O principal objetivo do projeto \u00e9 conceder reajuste setorial aos servidores da carreira de <strong>Fiscaliza\u00e7\u00e3o e Gest\u00e3o Ambiental<\/strong>. De acordo com a proposta, as altera\u00e7\u00f5es nas tabelas de subs\u00eddio buscam:<\/p><ul class=\"wp-block-list\"><li><strong>Alinhar a remunera\u00e7\u00e3o<\/strong> dos profissionais com outras carreiras j\u00e1 enquadradas no mesmo sistema remunerat\u00f3rio;<\/li>\n\n<li><strong>Corrigir diferen\u00e7as hist\u00f3ricas<\/strong> e distor\u00e7\u00f5es existentes entre as diversas carreiras do funcionalismo p\u00fablico;<\/li>\n\n<li><strong>Atrair novos profissionais<\/strong> para o quadro de Fiscaliza\u00e7\u00e3o e Gest\u00e3o Ambiental, fortalecendo as a\u00e7\u00f5es de controle, licenciamento e monitoramento ambiental em Mato Grosso do Sul.<\/li><\/ul><blockquote class=\"wp-block-quote is-layout-flow wp-block-quote-is-layout-flow\"><p>\u201cA proposta apresentada tamb\u00e9m pretende corrigir diferen\u00e7as remunerat\u00f3rias, bem como atrair novos interessados em ingressar na carreira de Fiscaliza\u00e7\u00e3o e Gest\u00e3o Ambiental, uma vez que o Estado tem como pol\u00edtica p\u00fablica investir na atra\u00e7\u00e3o, na sele\u00e7\u00e3o e na capacita\u00e7\u00e3o de pessoal para integrar os seus quadros de servidores efetivos\u201d, destaca a justificativa do projeto de lei.<\/p><\/blockquote><h3 class=\"wp-block-heading\">Tramita\u00e7\u00e3o na ALEMS<\/h3><p>Ap\u00f3s a leitura em plen\u00e1rio, o Projeto de Lei 287\/2024 ser\u00e1 encaminhado para a <strong>Comiss\u00e3o de Constitui\u00e7\u00e3o, Justi\u00e7a e Reda\u00e7\u00e3o (CCJR)<\/strong>, respons\u00e1vel por avaliar a legalidade, a constitucionalidade e a t\u00e9cnica legislativa. Caso a CCJR emita parecer favor\u00e1vel, a mat\u00e9ria segue para discuss\u00e3o e vota\u00e7\u00e3o em plen\u00e1rio. Em caso de aprova\u00e7\u00e3o pelos deputados, vai para san\u00e7\u00e3o do governador.<\/p><p><strong>Pr\u00f3ximas etapas<\/strong><\/p><ol start=\"1\" class=\"wp-block-list\"><li>An\u00e1lise pela CCJR;<\/li>\n\n<li>Discuss\u00e3o e vota\u00e7\u00e3o em plen\u00e1rio;<\/li>\n\n<li>San\u00e7\u00e3o do governador e publica\u00e7\u00e3o no Di\u00e1rio Oficial de Mato Grosso do Sul.<\/li><\/ol><h3 class=\"wp-block-heading\">Impactos na gest\u00e3o ambiental<\/h3><p>A carreira de Fiscaliza\u00e7\u00e3o e Gest\u00e3o Ambiental \u00e9 fundamental para garantir a prote\u00e7\u00e3o dos recursos naturais e o cumprimento das leis ambientais em Mato Grosso do Sul. Os servidores atuam na:<\/p><ul class=\"wp-block-list\"><li>Emiss\u00e3o de licen\u00e7as e autoriza\u00e7\u00f5es ambientais;<\/li>\n\n<li>Inspe\u00e7\u00f5es e vistorias em empreendimentos;<\/li>\n\n<li>Aplica\u00e7\u00e3o de penalidades e elabora\u00e7\u00e3o de relat\u00f3rios;<\/li>\n\n<li>Planejamento e execu\u00e7\u00e3o de pol\u00edticas de preserva\u00e7\u00e3o e recupera\u00e7\u00e3o ambiental.<\/li><\/ul><p>Com a implementa\u00e7\u00e3o do reajuste setorial, o Governo Estadual espera:<\/p><ul class=\"wp-block-list\"><li><strong>Reduzir a rotatividade<\/strong> de profissionais altamente qualificados na \u00e1rea;<\/li>\n\n<li><strong>Promover um servi\u00e7o p\u00fablico de maior qualidade<\/strong>, j\u00e1 que servidores melhor remunerados tendem a se manter atualizados e engajados;<\/li>\n\n<li><strong>Favorecer a sustentabilidade<\/strong> e a preserva\u00e7\u00e3o de ecossistemas, pois um corpo t\u00e9cnico mais robusto e motivado pode intensificar as a\u00e7\u00f5es de fiscaliza\u00e7\u00e3o.<\/li><\/ul><h3 class=\"wp-block-heading\">Repercuss\u00e3o<\/h3><p>Segundo informa\u00e7\u00f5es de bastidores na ALEMS, h\u00e1 uma receptividade positiva ao projeto por parte dos parlamentares preocupados com a quest\u00e3o ambiental, que veem na valoriza\u00e7\u00e3o dos servidores um passo estrat\u00e9gico para fortalecer a gest\u00e3o ambiental no Estado. Por outro lado, alguns deputados podem solicitar mais detalhes sobre o impacto financeiro do reajuste e eventuais adequa\u00e7\u00f5es no or\u00e7amento.<\/p><p><strong>Opini\u00e3o dos especialistas<\/strong> Analistas em administra\u00e7\u00e3o p\u00fablica avaliam que a medida est\u00e1 alinhada \u00e0 tend\u00eancia nacional de moderniza\u00e7\u00e3o dos quadros de fiscaliza\u00e7\u00e3o, tornando as carreiras mais atrativas e melhor equipadas para lidar com desafios ambientais crescentes.<\/p>","protected":false},"excerpt":{"rendered":"<p>Projeto de Lei prev\u00ea reajuste setorial para servidores de Fiscaliza\u00e7\u00e3o e Gest\u00e3o Ambiental Foi encaminhado \u00e0 Assembleia Legislativa de Mato Grosso do Sul (ALEMS) o Projeto de Lei 287\/2024, de autoria do Poder Executivo, que altera a reda\u00e7\u00e3o do Anexo V da Lei 4.488, de 3 de abril de 2014. A mat\u00e9ria foi lida na<\/p>\n","protected":false},"author":1,"featured_media":0,"comment_status":"open","ping_status":"open","sticky":false,"template":"","format":"standard","meta":{"sfsi_plus_gutenberg_text_before_share":"","sfsi_plus_gutenberg_show_text_before_share":"","sfsi_plus_gutenberg_icon_type":"","sfsi_plus_gutenberg_icon_alignemt":"","sfsi_plus_gutenburg_max_per_row":"","footnotes":""},"categories":[1],"tags":[],"class_list":["post-8796","post","type-post","status-publish","format-standard","hentry","category-blog"],"_links":{"self":[{"href":"https:\/\/dindincred.com.br\/index.php\/wp-json\/wp\/v2\/posts\/8796"}],"collection":[{"href":"https:\/\/dindincred.com.br\/index.php\/wp-json\/wp\/v2\/posts"}],"about":[{"href":"https:\/\/dindincred.com.br\/index.php\/wp-json\/wp\/v2\/types\/post"}],"author":[{"embeddable":true,"href":"https:\/\/dindincred.com.br\/index.php\/wp-json\/wp\/v2\/users\/1"}],"replies":[{"embeddable":true,"href":"https:\/\/dindincred.com.br\/index.php\/wp-json\/wp\/v2\/comments?post=8796"}],"version-history":[{"count":1,"href":"https:\/\/dindincred.com.br\/index.php\/wp-json\/wp\/v2\/posts\/8796\/revisions"}],"predecessor-version":[{"id":8797,"href":"https:\/\/dindincred.com.br\/index.php\/wp-json\/wp\/v2\/posts\/8796\/revisions\/8797"}],"wp:attachment":[{"href":"https:\/\/dindincred.com.br\/index.php\/wp-json\/wp\/v2\/media?parent=8796"}],"wp:term":[{"taxonomy":"category","embeddable":true,"href":"https:\/\/dindincred.com.br\/index.php\/wp-json\/wp\/v2\/categories?post=8796"},{"taxonomy":"post_tag","embeddable":true,"href":"https:\/\/dindincred.com.br\/index.php\/wp-json\/wp\/v2\/tags?post=8796"}],"curies":[{"name":"wp","href":"https:\/\/api.w.org\/{rel}","templated":true}]}}