{"id":8812,"date":"2025-04-02T19:54:11","date_gmt":"2025-04-02T23:54:11","guid":{"rendered":"https:\/\/dindincred.com.br\/?p=8812"},"modified":"2025-04-02T19:59:19","modified_gmt":"2025-04-02T23:59:19","slug":"militares-das-forcas-armadas-recebem-reajuste-de-45-no-soldo-a-partir-de-abril","status":"publish","type":"post","link":"https:\/\/dindincred.com.br\/index.php\/2025\/04\/02\/militares-das-forcas-armadas-recebem-reajuste-de-45-no-soldo-a-partir-de-abril\/","title":{"rendered":"Militares das For\u00e7as Armadas recebem reajuste de 4,5% no soldo a partir de abril"},"content":{"rendered":"<p><strong>Militares das For\u00e7as Armadas recebem reajuste de 4,5% no soldo a partir de abril<\/strong><\/p><figure class=\"alignleft wp-block-post-featured-image\"><img loading=\"lazy\" decoding=\"async\" width=\"1024\" height=\"1024\" src=\"https:\/\/dindincred.com.br\/wp-content\/uploads\/2025\/04\/99bf6ddf-b769-4830-959f-b9a765d36a40.png\" class=\"attachment-post-thumbnail size-post-thumbnail wp-post-image\" alt=\"\" style=\"object-fit:cover;\" srcset=\"https:\/\/dindincred.com.br\/wp-content\/uploads\/2025\/04\/99bf6ddf-b769-4830-959f-b9a765d36a40.png 1024w, https:\/\/dindincred.com.br\/wp-content\/uploads\/2025\/04\/99bf6ddf-b769-4830-959f-b9a765d36a40-300x300.png 300w, https:\/\/dindincred.com.br\/wp-content\/uploads\/2025\/04\/99bf6ddf-b769-4830-959f-b9a765d36a40-150x150.png 150w, https:\/\/dindincred.com.br\/wp-content\/uploads\/2025\/04\/99bf6ddf-b769-4830-959f-b9a765d36a40-768x768.png 768w, https:\/\/dindincred.com.br\/wp-content\/uploads\/2025\/04\/99bf6ddf-b769-4830-959f-b9a765d36a40-50x50.png 50w, https:\/\/dindincred.com.br\/wp-content\/uploads\/2025\/04\/99bf6ddf-b769-4830-959f-b9a765d36a40-320x320.png 320w, https:\/\/dindincred.com.br\/wp-content\/uploads\/2025\/04\/99bf6ddf-b769-4830-959f-b9a765d36a40-900x900.png 900w, https:\/\/dindincred.com.br\/wp-content\/uploads\/2025\/04\/99bf6ddf-b769-4830-959f-b9a765d36a40-600x600.png 600w, https:\/\/dindincred.com.br\/wp-content\/uploads\/2025\/04\/99bf6ddf-b769-4830-959f-b9a765d36a40-100x100.png 100w\" sizes=\"(max-width: 1024px) 100vw, 1024px\" \/><\/figure><p><em>Medida Provis\u00f3ria 1293\/25 j\u00e1 est\u00e1 em vigor e reajusta em at\u00e9 9% o vencimento b\u00e1sico dos militares, em duas etapas at\u00e9 2026<\/em><\/p><p>A partir deste m\u00eas de abril, os militares das For\u00e7as Armadas passam a receber um reajuste de 4,5% no soldo \u2014 o vencimento b\u00e1sico da categoria, que varia conforme a gradua\u00e7\u00e3o e o posto. A mudan\u00e7a est\u00e1 prevista na Medida Provis\u00f3ria (MP) 1293\/25, publicada na \u00faltima sexta-feira (28) no <em>Di\u00e1rio Oficial da Uni\u00e3o<\/em>.<\/p><p><!--nextpage--><\/p><hr class=\"wp-block-separator has-alpha-channel-opacity\" \/><p>A medida estabelece aumento escalonado de 9%, dividido em duas parcelas: a primeira de 4,5% j\u00e1 v\u00e1lida a partir de 1\u00ba de abril de 2025, e a segunda, tamb\u00e9m de 4,5%, com in\u00edcio previsto para 1\u00ba de janeiro de 2026.<\/p><p>O pagamento dos novos valores, no entanto, est\u00e1 condicionado \u00e0 san\u00e7\u00e3o da <strong>Lei Or\u00e7ament\u00e1ria Anual (LOA) de 2025<\/strong>, ainda em tramita\u00e7\u00e3o. Mesmo assim, a MP j\u00e1 entrou em vigor e ser\u00e1 analisada por uma comiss\u00e3o mista do Congresso Nacional, antes de seguir para vota\u00e7\u00e3o nos Plen\u00e1rios da C\u00e2mara e do Senado.<\/p><h3 class=\"wp-block-heading\">Faixas de remunera\u00e7\u00e3o atualizadas<\/h3><p>Com o reajuste, o <strong>maior soldo das For\u00e7as Armadas<\/strong> \u2014 destinado a oficiais-generais como <strong>almirante de esquadra, general de Ex\u00e9rcito e tenente-brigadeiro do ar<\/strong> \u2014 sobe de R$ 13.471 para R$ 14.077 em abril. Em 2026, com o novo aumento, esse valor chegar\u00e1 a <strong>R$ 14.711<\/strong>.<\/p><p>J\u00e1 o <strong>menor soldo<\/strong>, pago a gradua\u00e7\u00f5es iniciais como <strong>recrutas, marinheiros e soldados de segunda classe<\/strong>, subir\u00e1 dos atuais <strong>R$ 1.078 para R$ 1.127<\/strong> neste m\u00eas de abril. Em 2026, esse valor ser\u00e1 reajustado novamente para <strong>R$ 1.177<\/strong>.<\/p><h3 class=\"wp-block-heading\">Tr\u00e2mites e pr\u00f3ximos passos<\/h3><p>Por se tratar de uma medida provis\u00f3ria, a MP 1293\/25 j\u00e1 produz efeitos imediatos. No entanto, sua <strong>transforma\u00e7\u00e3o definitiva em lei depende da an\u00e1lise do Congresso Nacional<\/strong>, que poder\u00e1 aprov\u00e1-la, modific\u00e1-la ou rejeit\u00e1-la.<\/p><p>A proposta ser\u00e1 primeiramente analisada por uma comiss\u00e3o mista formada por deputados e senadores. Depois, seguir\u00e1 para vota\u00e7\u00e3o nos Plen\u00e1rios das duas Casas.<\/p><p>Acompanhe a tramita\u00e7\u00e3o de medidas provis\u00f3rias e outras a\u00e7\u00f5es legislativas diretamente no portal da Ag\u00eancia C\u00e2mara de Not\u00edcias.<\/p><hr class=\"wp-block-separator has-alpha-channel-opacity\" \/><p>\ud83d\udccc <em>Fonte: Ag\u00eancia C\u00e2mara de Not\u00edcias<\/em><br \/>\ud83d\udcc5 <em>Data da publica\u00e7\u00e3o: 2 de abril de 2025<\/em><br \/>\u270d\ufe0f <em>Da Reda\u00e7\u00e3o \u2013 Ag\u00eancia Senado<\/em><\/p>","protected":false},"excerpt":{"rendered":"<p>Militares das For\u00e7as Armadas recebem reajuste de 4,5% no soldo a partir de abril Medida Provis\u00f3ria 1293\/25 j\u00e1 est\u00e1 em vigor e reajusta em at\u00e9 9% o vencimento b\u00e1sico dos militares, em duas etapas at\u00e9 2026 A partir deste m\u00eas de abril, os militares das For\u00e7as Armadas passam a receber um reajuste de 4,5% no<\/p>\n","protected":false},"author":1,"featured_media":8815,"comment_status":"open","ping_status":"open","sticky":false,"template":"","format":"standard","meta":{"sfsi_plus_gutenberg_text_before_share":"","sfsi_plus_gutenberg_show_text_before_share":"","sfsi_plus_gutenberg_icon_type":"","sfsi_plus_gutenberg_icon_alignemt":"","sfsi_plus_gutenburg_max_per_row":"","footnotes":""},"categories":[1,19],"tags":[109,107,108,256,106,258,257],"class_list":["post-8812","post","type-post","status-publish","format-standard","has-post-thumbnail","hentry","category-blog","category-finanacas-e-economia","tag-aeronautica","tag-exercito","tag-marinha","tag-militar","tag-reajuste","tag-salario","tag-soldo"],"_links":{"self":[{"href":"https:\/\/dindincred.com.br\/index.php\/wp-json\/wp\/v2\/posts\/8812"}],"collection":[{"href":"https:\/\/dindincred.com.br\/index.php\/wp-json\/wp\/v2\/posts"}],"about":[{"href":"https:\/\/dindincred.com.br\/index.php\/wp-json\/wp\/v2\/types\/post"}],"author":[{"embeddable":true,"href":"https:\/\/dindincred.com.br\/index.php\/wp-json\/wp\/v2\/users\/1"}],"replies":[{"embeddable":true,"href":"https:\/\/dindincred.com.br\/index.php\/wp-json\/wp\/v2\/comments?post=8812"}],"version-history":[{"count":2,"href":"https:\/\/dindincred.com.br\/index.php\/wp-json\/wp\/v2\/posts\/8812\/revisions"}],"predecessor-version":[{"id":8819,"href":"https:\/\/dindincred.com.br\/index.php\/wp-json\/wp\/v2\/posts\/8812\/revisions\/8819"}],"wp:featuredmedia":[{"embeddable":true,"href":"https:\/\/dindincred.com.br\/index.php\/wp-json\/wp\/v2\/media\/8815"}],"wp:attachment":[{"href":"https:\/\/dindincred.com.br\/index.php\/wp-json\/wp\/v2\/media?parent=8812"}],"wp:term":[{"taxonomy":"category","embeddable":true,"href":"https:\/\/dindincred.com.br\/index.php\/wp-json\/wp\/v2\/categories?post=8812"},{"taxonomy":"post_tag","embeddable":true,"href":"https:\/\/dindincred.com.br\/index.php\/wp-json\/wp\/v2\/tags?post=8812"}],"curies":[{"name":"wp","href":"https:\/\/api.w.org\/{rel}","templated":true}]}}