{"id":8826,"date":"2025-04-02T20:20:41","date_gmt":"2025-04-03T00:20:41","guid":{"rendered":"https:\/\/dindincred.com.br\/?p=8826"},"modified":"2025-04-02T20:24:23","modified_gmt":"2025-04-03T00:24:23","slug":"governo-federal-encaminha-ao-congresso-projeto-que-reajusta-salario-de-servidores-federais-entenda-as-mudancas-e-veja-os-valores","status":"publish","type":"post","link":"https:\/\/dindincred.com.br\/index.php\/2025\/04\/02\/governo-federal-encaminha-ao-congresso-projeto-que-reajusta-salario-de-servidores-federais-entenda-as-mudancas-e-veja-os-valores\/","title":{"rendered":"Governo Federal encaminha ao Congresso projeto que reajusta sal\u00e1rio de servidores federais; entenda as mudan\u00e7as e veja os valores"},"content":{"rendered":"<figure class=\"wp-block-post-featured-image\"><img loading=\"lazy\" decoding=\"async\" width=\"1024\" height=\"1024\" src=\"https:\/\/dindincred.com.br\/wp-content\/uploads\/2025\/04\/2e5380d5-8708-48b6-bf6a-6a484a58b1e8.png\" class=\"attachment-post-thumbnail size-post-thumbnail wp-post-image\" alt=\"\" style=\"object-fit:cover;\" srcset=\"https:\/\/dindincred.com.br\/wp-content\/uploads\/2025\/04\/2e5380d5-8708-48b6-bf6a-6a484a58b1e8.png 1024w, https:\/\/dindincred.com.br\/wp-content\/uploads\/2025\/04\/2e5380d5-8708-48b6-bf6a-6a484a58b1e8-300x300.png 300w, https:\/\/dindincred.com.br\/wp-content\/uploads\/2025\/04\/2e5380d5-8708-48b6-bf6a-6a484a58b1e8-150x150.png 150w, https:\/\/dindincred.com.br\/wp-content\/uploads\/2025\/04\/2e5380d5-8708-48b6-bf6a-6a484a58b1e8-768x768.png 768w, https:\/\/dindincred.com.br\/wp-content\/uploads\/2025\/04\/2e5380d5-8708-48b6-bf6a-6a484a58b1e8-50x50.png 50w, https:\/\/dindincred.com.br\/wp-content\/uploads\/2025\/04\/2e5380d5-8708-48b6-bf6a-6a484a58b1e8-320x320.png 320w, https:\/\/dindincred.com.br\/wp-content\/uploads\/2025\/04\/2e5380d5-8708-48b6-bf6a-6a484a58b1e8-900x900.png 900w, https:\/\/dindincred.com.br\/wp-content\/uploads\/2025\/04\/2e5380d5-8708-48b6-bf6a-6a484a58b1e8-600x600.png 600w, https:\/\/dindincred.com.br\/wp-content\/uploads\/2025\/04\/2e5380d5-8708-48b6-bf6a-6a484a58b1e8-100x100.png 100w\" sizes=\"(max-width: 1024px) 100vw, 1024px\" \/><\/figure><p><strong>Governo Federal encaminha ao Congresso projeto que reajusta sal\u00e1rio de servidores federais; entenda as mudan\u00e7as e veja os valores<\/strong><\/p><p>O Governo Federal encaminhou ao Congresso Nacional um Projeto de Lei que substituir\u00e1 a Medida Provis\u00f3ria (MP) 1.286, publicada anteriormente para garantir a validade do reajuste salarial dos servidores p\u00fablicos federais. A MP segue em vigor at\u00e9 a aprova\u00e7\u00e3o definitiva do novo projeto, assegurando o aumento para os servidores.<\/p><!--more--><p><strong>Quem ter\u00e1 direito ao reajuste em 2025?<\/strong><\/p><p>O reajuste salarial de 2025 atingir\u00e1 milhares de servidores da administra\u00e7\u00e3o p\u00fablica federal direta, aut\u00e1rquica e fundacional, incluindo:<\/p><ul class=\"wp-block-list\"><li>Servidores ativos;<\/li>\n\n<li>Aposentados e pensionistas;<\/li>\n\n<li>Ocupantes de cargos de confian\u00e7a e fun\u00e7\u00f5es comissionadas.<\/li><\/ul><p>A medida alcan\u00e7a tamb\u00e9m profissionais de carreiras t\u00edpicas de Estado, como Receita Federal, Banco Central, CGU e Pol\u00edcia Federal.<\/p><p><strong>Pagamento em maio inclui retroativo<\/strong><\/p><p>O pagamento do reajuste ser\u00e1 feito no dia <strong>2 de maio de 2025<\/strong>, e incluir\u00e1:<\/p><ul class=\"wp-block-list\"><li>O sal\u00e1rio atualizado de abril de 2025;<\/li>\n\n<li>O valor retroativo referente aos meses de janeiro, fevereiro e mar\u00e7o.<\/li><\/ul><p>O pagamento retroativo foi confirmado pelo MGI (Minist\u00e9rio da Gest\u00e3o e Inova\u00e7\u00e3o) ap\u00f3s atraso na aprova\u00e7\u00e3o da LOA 2025.<\/p><p><strong>Percentual do reajuste ainda n\u00e3o foi divulgado<\/strong><\/p><p>O valor exato do reajuste n\u00e3o foi divulgado oficialmente. O governo sinalizou que as negocia\u00e7\u00f5es seguir\u00e3o crit\u00e9rios setoriais, podendo haver reajustes diferenciados conforme a categoria profissional.<\/p><p><strong>Como consultar o novo sal\u00e1rio?<\/strong><\/p><p>Os servidores poder\u00e3o consultar o contracheque atualizado atrav\u00e9s da plataforma <strong>SouGov.br<\/strong>, a partir da libera\u00e7\u00e3o da folha de pagamento de abril.<\/p><p><strong>Impacto financeiro e or\u00e7ament\u00e1rio<\/strong><\/p><p>A Lei Or\u00e7ament\u00e1ria Anual (LOA) de 2025 j\u00e1 reserva recursos para recompor as perdas salariais causadas pela infla\u00e7\u00e3o. A estimativa \u00e9 que o impacto or\u00e7ament\u00e1rio seja controlado, dentro dos limites fiscais aprovados pelo Congresso.<\/p><p><strong>O que dizem os sindicatos?<\/strong><\/p><p>Entidades como o Fonacate pressionaram o governo durante todo o ano de 2024 por uma recomposi\u00e7\u00e3o salarial justa. As negocia\u00e7\u00f5es foram fundamentais para que o governo assumisse o compromisso de reajuste com os servidores.<\/p><p><strong>Nova margem para consignados: o que muda?<\/strong><\/p><p>Com o reajuste salarial, a margem consign\u00e1vel de servidores ativos, aposentados e pensionistas tamb\u00e9m aumenta. Isso abre a possibilidade de:<\/p><ul class=\"wp-block-list\"><li>Contratar novos consignados com parcelas maiores;<\/li>\n\n<li>Fazer portabilidade de cr\u00e9ditos com juros menores;<\/li>\n\n<li>Ampliar o acesso a condi\u00e7\u00f5es mais vantajosas no mercado financeiro.<\/li><\/ul><p><strong>Dicas para servidores:<\/strong><\/p><ul class=\"wp-block-list\"><li>Mantenha seus dados atualizados no <strong>SouGov.br<\/strong>;<\/li>\n\n<li>Consulte o sindicato da sua categoria;<\/li>\n\n<li>Planeje o uso do valor retroativo com responsabilidade financeira.<\/li><\/ul><p><strong>Pr\u00f3ximos passos:<\/strong><\/p><ul class=\"wp-block-list\"><li>Aprova\u00e7\u00e3o do Projeto de Lei no Congresso;<\/li>\n\n<li>San\u00e7\u00e3o presidencial;<\/li>\n\n<li>Regula\u00e7\u00e3o complementar para ajustes finais nas folhas de pagamento.<\/li><\/ul><p>O debate segue no Congresso, com expectativa positiva entre servidores e lideran\u00e7as sindicais.<\/p>","protected":false},"excerpt":{"rendered":"<p>Governo Federal encaminha ao Congresso projeto que reajusta sal\u00e1rio de servidores federais; entenda as mudan\u00e7as e veja os valores O Governo Federal encaminhou ao Congresso Nacional um Projeto de Lei que substituir\u00e1 a Medida Provis\u00f3ria (MP) 1.286, publicada anteriormente para garantir a validade do reajuste salarial dos servidores p\u00fablicos federais. A MP segue em vigor<\/p>\n","protected":false},"author":1,"featured_media":8828,"comment_status":"open","ping_status":"open","sticky":false,"template":"","format":"standard","meta":{"sfsi_plus_gutenberg_text_before_share":"","sfsi_plus_gutenberg_show_text_before_share":"","sfsi_plus_gutenberg_icon_type":"","sfsi_plus_gutenberg_icon_alignemt":"","sfsi_plus_gutenburg_max_per_row":"","footnotes":""},"categories":[1],"tags":[],"class_list":["post-8826","post","type-post","status-publish","format-standard","has-post-thumbnail","hentry","category-blog"],"_links":{"self":[{"href":"https:\/\/dindincred.com.br\/index.php\/wp-json\/wp\/v2\/posts\/8826"}],"collection":[{"href":"https:\/\/dindincred.com.br\/index.php\/wp-json\/wp\/v2\/posts"}],"about":[{"href":"https:\/\/dindincred.com.br\/index.php\/wp-json\/wp\/v2\/types\/post"}],"author":[{"embeddable":true,"href":"https:\/\/dindincred.com.br\/index.php\/wp-json\/wp\/v2\/users\/1"}],"replies":[{"embeddable":true,"href":"https:\/\/dindincred.com.br\/index.php\/wp-json\/wp\/v2\/comments?post=8826"}],"version-history":[{"count":1,"href":"https:\/\/dindincred.com.br\/index.php\/wp-json\/wp\/v2\/posts\/8826\/revisions"}],"predecessor-version":[{"id":8827,"href":"https:\/\/dindincred.com.br\/index.php\/wp-json\/wp\/v2\/posts\/8826\/revisions\/8827"}],"wp:featuredmedia":[{"embeddable":true,"href":"https:\/\/dindincred.com.br\/index.php\/wp-json\/wp\/v2\/media\/8828"}],"wp:attachment":[{"href":"https:\/\/dindincred.com.br\/index.php\/wp-json\/wp\/v2\/media?parent=8826"}],"wp:term":[{"taxonomy":"category","embeddable":true,"href":"https:\/\/dindincred.com.br\/index.php\/wp-json\/wp\/v2\/categories?post=8826"},{"taxonomy":"post_tag","embeddable":true,"href":"https:\/\/dindincred.com.br\/index.php\/wp-json\/wp\/v2\/tags?post=8826"}],"curies":[{"name":"wp","href":"https:\/\/api.w.org\/{rel}","templated":true}]}}