{"id":9140,"date":"2026-01-15T11:00:07","date_gmt":"2026-01-15T15:00:07","guid":{"rendered":"https:\/\/dindincred.com.br\/?p=9140"},"modified":"2026-01-15T11:00:19","modified_gmt":"2026-01-15T15:00:19","slug":"reajuste-do-inss-em-2026-o-que-mudou-quem-ganhou-mais-e-o-impacto-real-no-bolso-dos-beneficiarios","status":"publish","type":"post","link":"https:\/\/dindincred.com.br\/index.php\/2026\/01\/15\/reajuste-do-inss-em-2026-o-que-mudou-quem-ganhou-mais-e-o-impacto-real-no-bolso-dos-beneficiarios\/","title":{"rendered":"Reajuste do INSS em 2026: o que mudou, quem ganhou mais e o impacto real no bolso dos benefici\u00e1rios"},"content":{"rendered":"<p>O reajuste anual dos benef\u00edcios previdenci\u00e1rios \u00e9 sempre um dos temas mais sens\u00edveis da agenda social brasileira. Em 2026, o aumento dos valores pagos pelo <strong>INSS<\/strong> voltou a evidenciar uma realidade estrutural do sistema: <strong>benef\u00edcios atrelados ao sal\u00e1rio m\u00ednimo t\u00eam ganho real maior do que aqueles acima do piso previdenci\u00e1rio<\/strong>.<\/p><p>Mas o que, de fato, mudou em 2026? Quem foi mais beneficiado? E por que os reajustes s\u00e3o diferentes? \u00c9 isso que voc\u00ea confere nesta an\u00e1lise completa.<\/p><hr class=\"wp-block-separator has-alpha-channel-opacity\"\/><h2 class=\"wp-block-heading\">O novo valor do sal\u00e1rio m\u00ednimo em 2026<\/h2><p>A partir de janeiro de 2026, o sal\u00e1rio m\u00ednimo nacional passou de <strong>R$ 1.518,00 para R$ 1.621,00<\/strong>, representando um <strong>reajuste de 6,79%<\/strong>.<\/p><p>Como grande parte dos benef\u00edcios do INSS \u00e9 paga exatamente no valor do sal\u00e1rio m\u00ednimo \u2014 incluindo aposentadorias, pens\u00f5es e o BPC\/LOAS \u2014, <strong>milh\u00f5es de brasileiros passaram automaticamente a receber esse novo valor<\/strong>.<\/p><h3 class=\"wp-block-heading\">Quem recebe at\u00e9 um sal\u00e1rio m\u00ednimo<\/h3><ul class=\"wp-block-list\"><li><strong>Reajuste:<\/strong> 6,79%<\/li>\n\n<li><strong>Novo valor do benef\u00edcio:<\/strong> R$ 1.621,00<\/li>\n\n<li><strong>Abrang\u00eancia:<\/strong> aposentadorias, pens\u00f5es por morte, aux\u00edlios e benef\u00edcios assistenciais pagos no piso nacional<\/li><\/ul><p>Esse aumento segue a pol\u00edtica de valoriza\u00e7\u00e3o do sal\u00e1rio m\u00ednimo, que considera:<\/p><ul class=\"wp-block-list\"><li>infla\u00e7\u00e3o do per\u00edodo;<\/li>\n\n<li>crescimento econ\u00f4mico (PIB);<\/li>\n\n<li>preserva\u00e7\u00e3o do poder de compra da popula\u00e7\u00e3o mais vulner\u00e1vel.<\/li><\/ul><hr class=\"wp-block-separator has-alpha-channel-opacity\"\/><h2 class=\"wp-block-heading\">E quem recebe acima do sal\u00e1rio m\u00ednimo?<\/h2><p>Para os segurados que recebem <strong>valores superiores a um sal\u00e1rio m\u00ednimo<\/strong>, a regra \u00e9 diferente.<\/p><p>Esses benef\u00edcios s\u00e3o reajustados <strong>exclusivamente pela infla\u00e7\u00e3o<\/strong>, medida pelo <strong>INPC (\u00cdndice Nacional de Pre\u00e7os ao Consumidor)<\/strong>. Em 2026, o \u00edndice aplicado foi de <strong>3,90%<\/strong>, referente \u00e0 infla\u00e7\u00e3o acumulada de 2025.<\/p><h3 class=\"wp-block-heading\">Quem recebe acima do m\u00ednimo<\/h3><ul class=\"wp-block-list\"><li><strong>Reajuste:<\/strong> 3,90%<\/li>\n\n<li><strong>Base de c\u00e1lculo:<\/strong> valor individual do benef\u00edcio<\/li>\n\n<li><strong>Abrang\u00eancia:<\/strong> aposentadorias, pens\u00f5es e aux\u00edlios acima de R$ 1.621,00<\/li><\/ul><p>Na pr\u00e1tica, isso significa que:<\/p><ul class=\"wp-block-list\"><li>um benef\u00edcio de R$ 2.000 passou a aproximadamente R$ 2.078;<\/li>\n\n<li>um benef\u00edcio de R$ 5.000 passou para cerca de R$ 5.195.<\/li><\/ul><hr class=\"wp-block-separator has-alpha-channel-opacity\"\/><h2 class=\"wp-block-heading\">O reajuste do teto do INSS<\/h2><p>O teto previdenci\u00e1rio \u2014 valor m\u00e1ximo que o INSS pode pagar \u2014 tamb\u00e9m segue o INPC.<\/p><p>Em 2026, o teto foi reajustado em <strong>3,90%<\/strong>, acompanhando a infla\u00e7\u00e3o, o que elevou o valor m\u00e1ximo dos benef\u00edcios pagos pela Previd\u00eancia Social.<\/p><p>Esse dado \u00e9 especialmente relevante para:<\/p><ul class=\"wp-block-list\"><li>aposentadorias por tempo de contribui\u00e7\u00e3o mais antigas;<\/li>\n\n<li>benef\u00edcios concedidos com base em sal\u00e1rios elevados;<\/li>\n\n<li>revis\u00f5es previdenci\u00e1rias.<\/li><\/ul><hr class=\"wp-block-separator has-alpha-channel-opacity\"\/><h2 class=\"wp-block-heading\">Por que o reajuste \u00e9 diferente para quem recebe o m\u00ednimo?<\/h2><p>Essa \u00e9 uma d\u00favida recorrente \u2014 e leg\u00edtima.<\/p><p>O sistema previdenci\u00e1rio brasileiro opera com <strong>duas l\u00f3gicas distintas<\/strong>:<\/p><ol class=\"wp-block-list\"><li><strong>Prote\u00e7\u00e3o social m\u00ednima<\/strong><br>Quem recebe at\u00e9 um sal\u00e1rio m\u00ednimo \u00e9 protegido por pol\u00edticas p\u00fablicas de redistribui\u00e7\u00e3o de renda, com reajustes maiores para garantir subsist\u00eancia.<\/li>\n\n<li><strong>Preserva\u00e7\u00e3o do valor real do benef\u00edcio<\/strong><br>Quem recebe acima do m\u00ednimo tem como garantia legal apenas a reposi\u00e7\u00e3o da infla\u00e7\u00e3o, para evitar perda do poder de compra \u2014 sem ganho real.<\/li><\/ol><p>Esse modelo, embora criticado por muitos aposentados de renda m\u00e9dia, \u00e9 sustentado pelo entendimento de que <strong>o Estado deve priorizar quem depende exclusivamente do piso previdenci\u00e1rio para sobreviver<\/strong>.<\/p><hr class=\"wp-block-separator has-alpha-channel-opacity\"\/><h2 class=\"wp-block-heading\">Impacto social e econ\u00f4mico do reajuste<\/h2><p>O reajuste de 2026:<\/p><ul class=\"wp-block-list\"><li>injeta bilh\u00f5es de reais na economia local;<\/li>\n\n<li>fortalece o com\u00e9rcio em pequenas e m\u00e9dias cidades;<\/li>\n\n<li>reduz, ainda que modestamente, a press\u00e3o inflacion\u00e1ria sobre fam\u00edlias de baixa renda.<\/li><\/ul><p>Por outro lado, ele tamb\u00e9m reacende o debate sobre:<\/p><ul class=\"wp-block-list\"><li>a perda gradual do valor relativo das aposentadorias acima do m\u00ednimo;<\/li>\n\n<li>a necessidade de reformas mais profundas no sistema previdenci\u00e1rio;<\/li>\n\n<li>o envelhecimento da popula\u00e7\u00e3o brasileira.<\/li><\/ul><hr class=\"wp-block-separator has-alpha-channel-opacity\"\/><h2 class=\"wp-block-heading\">O que o segurado deve fazer agora?<\/h2><p>\u00c9 fundamental que aposentados e pensionistas:<\/p><ul class=\"wp-block-list\"><li>confiram o valor reajustado no extrato de pagamento;<\/li>\n\n<li>verifiquem se o \u00edndice aplicado est\u00e1 correto;<\/li>\n\n<li>busquem orienta\u00e7\u00e3o especializada em caso de diverg\u00eancia.<\/li><\/ul><p>Muitos benef\u00edcios apresentam <strong>erros hist\u00f3ricos de c\u00e1lculo<\/strong>, e o reajuste anual \u00e9 um momento estrat\u00e9gico para identificar distor\u00e7\u00f5es e avaliar revis\u00f5es.<\/p><hr class=\"wp-block-separator has-alpha-channel-opacity\"\/><h2 class=\"wp-block-heading\">INSS 2026<\/h2><p>O reajuste do INSS em 2026 reafirma uma verdade estrutural do sistema previdenci\u00e1rio brasileiro: <strong>quem recebe o sal\u00e1rio m\u00ednimo \u00e9 mais protegido, enquanto quem recebe acima dele depende apenas da infla\u00e7\u00e3o para manter seu benef\u00edcio<\/strong>.<\/p><p>Entender essas regras n\u00e3o \u00e9 apenas uma quest\u00e3o financeira, mas tamb\u00e9m de <strong>cidadania previdenci\u00e1ria<\/strong>. Informa\u00e7\u00e3o qualificada continua sendo o principal instrumento de defesa do segurado.<\/p><h2 class=\"wp-block-heading\"><strong>Reajuste do INSS 2026: veja quanto aposentados e pensionistas v\u00e3o receber de aumento<\/strong><\/h2><p>O reajuste do INSS em 2026 j\u00e1 est\u00e1 em vigor e impacta milh\u00f5es de aposentados e pensionistas em todo o Brasil. Os novos valores variam conforme o tipo de benef\u00edcio e se ele est\u00e1 vinculado ou n\u00e3o ao sal\u00e1rio m\u00ednimo.<\/p><p>Neste artigo, explicamos <strong>quanto foi o reajuste do INSS em 2026<\/strong>, <strong>quem recebe mais<\/strong>, <strong>quem recebe menos<\/strong> e <strong>quanto o benef\u00edcio aumenta na pr\u00e1tica<\/strong>.<\/p><h3 class=\"wp-block-heading\">\ud83d\udd0d Palavras-chave estrat\u00e9gicas (SEO)<\/h3><ul class=\"wp-block-list\"><li>reajuste INSS 2026<\/li>\n\n<li>aumento INSS 2026<\/li>\n\n<li>quanto vai aumentar o INSS<\/li>\n\n<li>novo valor do INSS 2026<\/li>\n\n<li>reajuste aposentadoria 2026<\/li>\n\n<li>reajuste pens\u00e3o INSS<\/li><\/ul><hr class=\"wp-block-separator has-alpha-channel-opacity\"\/><h2 class=\"wp-block-heading\">Quanto foi o reajuste do INSS em 2026?<\/h2><p>O reajuste do <strong>INSS<\/strong> em 2026 ocorreu em dois \u00edndices distintos:<\/p><ul class=\"wp-block-list\"><li><strong>6,79%<\/strong> para quem recebe <strong>at\u00e9 um sal\u00e1rio m\u00ednimo<\/strong><\/li>\n\n<li><strong>3,90%<\/strong> para quem recebe <strong>acima de um sal\u00e1rio m\u00ednimo<\/strong><\/li><\/ul><p>Essa diferen\u00e7a segue a legisla\u00e7\u00e3o previdenci\u00e1ria e a pol\u00edtica de valoriza\u00e7\u00e3o do piso nacional.<\/p><hr class=\"wp-block-separator has-alpha-channel-opacity\"\/><h2 class=\"wp-block-heading\">Novo valor do sal\u00e1rio m\u00ednimo em 2026<\/h2><p>O sal\u00e1rio m\u00ednimo passou a ser de:<\/p><p>\u27a1\ufe0f <strong>R$ 1.621,00<\/strong><\/p><p>Todos os benef\u00edcios do INSS pagos nesse valor foram automaticamente atualizados.<\/p><hr class=\"wp-block-separator has-alpha-channel-opacity\"\/><h2 class=\"wp-block-heading\">Reajuste para quem recebe acima do sal\u00e1rio m\u00ednimo<\/h2><p>Benef\u00edcios acima de R$ 1.621,00 foram corrigidos pelo <strong>INPC<\/strong>, \u00edndice oficial da infla\u00e7\u00e3o para a popula\u00e7\u00e3o assalariada, fixado em <strong>3,90%<\/strong>.<\/p><hr class=\"wp-block-separator has-alpha-channel-opacity\"\/><h2 class=\"wp-block-heading\">Conclus\u00e3o (SEO)<\/h2><p>O reajuste do INSS em 2026 garante ganho real para quem recebe o sal\u00e1rio m\u00ednimo e apenas reposi\u00e7\u00e3o inflacion\u00e1ria para quem recebe acima dele. Conferir o valor correto do benef\u00edcio \u00e9 fundamental para evitar preju\u00edzos.<\/p><h2 class=\"wp-block-heading\">eajuste do INSS 2026: transpar\u00eancia, informa\u00e7\u00e3o e orienta\u00e7\u00e3o ao segurado<\/h2><p>O reajuste anual dos benef\u00edcios previdenci\u00e1rios \u00e9 um direito de todo segurado do INSS. Em 2026, os valores foram atualizados conforme crit\u00e9rios legais e \u00edndices oficiais, garantindo a recomposi\u00e7\u00e3o do poder de compra dos benefici\u00e1rios.<\/p><p>\u2714\ufe0f Benef\u00edcios no valor do sal\u00e1rio m\u00ednimo passaram para <strong>R$ 1.621,00<\/strong><br>\u2714\ufe0f Benef\u00edcios acima do m\u00ednimo foram reajustados em <strong>3,90%<\/strong><br>\u2714\ufe0f O reajuste \u00e9 autom\u00e1tico, sem necessidade de solicita\u00e7\u00e3o<\/p><p>Refor\u00e7amos a import\u00e2ncia de o segurado <strong>conferir seu extrato de pagamento<\/strong> e buscar orienta\u00e7\u00e3o profissional em caso de diverg\u00eancia ou d\u00favida.<\/p><p>Nosso compromisso \u00e9 com <strong>informa\u00e7\u00e3o clara, \u00e9tica e respons\u00e1vel<\/strong>.<\/p><h2 class=\"wp-block-heading\">Quanto o benef\u00edcio aumentou na pr\u00e1tica em 2026?<\/h2><h3 class=\"wp-block-heading\">\ud83d\udd39 Quem recebe at\u00e9 um sal\u00e1rio m\u00ednimo<\/h3><ul class=\"wp-block-list\"><li>Antes: R$ 1.518,00<\/li>\n\n<li>Agora: R$ 1.621,00<\/li>\n\n<li><strong>Aumento mensal:<\/strong> R$ 103,00<\/li><\/ul><hr class=\"wp-block-separator has-alpha-channel-opacity\"\/><h3 class=\"wp-block-heading\">\ud83d\udd39 Quem recebe acima do sal\u00e1rio m\u00ednimo (3,90%)<\/h3><figure class=\"wp-block-table\"><table class=\"has-fixed-layout\"><thead><tr><th>Valor anterior<\/th><th>Novo valor<\/th><th>Aumento<\/th><\/tr><\/thead><tbody><tr><td>R$ 2.000,00<\/td><td>R$ 2.078,00<\/td><td>R$ 78,00<\/td><\/tr><tr><td>R$ 2.500,00<\/td><td>R$ 2.597,50<\/td><td>R$ 97,50<\/td><\/tr><tr><td>R$ 3.000,00<\/td><td>R$ 3.117,00<\/td><td>R$ 117,00<\/td><\/tr><tr><td>R$ 5.000,00<\/td><td>R$ 5.195,00<\/td><td>R$ 195,00<\/td><\/tr><tr><td>R$ 8.000,00<\/td><td>R$ 8.312,00<\/td><td>R$ 312,00<\/td><\/tr><\/tbody><\/table><\/figure>","protected":false},"excerpt":{"rendered":"<p>O reajuste anual dos benef\u00edcios previdenci\u00e1rios \u00e9 sempre um dos temas mais sens\u00edveis da agenda social brasileira. Em 2026, o aumento dos valores pagos pelo INSS voltou a evidenciar uma realidade estrutural do sistema: benef\u00edcios atrelados ao sal\u00e1rio m\u00ednimo t\u00eam ganho real maior do que aqueles acima do piso previdenci\u00e1rio. Mas o que, de fato,<\/p>\n","protected":false},"author":1,"featured_media":0,"comment_status":"open","ping_status":"open","sticky":false,"template":"","format":"standard","meta":{"sfsi_plus_gutenberg_text_before_share":"","sfsi_plus_gutenberg_show_text_before_share":"","sfsi_plus_gutenberg_icon_type":"","sfsi_plus_gutenberg_icon_alignemt":"","sfsi_plus_gutenburg_max_per_row":"","footnotes":""},"categories":[1],"tags":[],"class_list":["post-9140","post","type-post","status-publish","format-standard","hentry","category-blog"],"_links":{"self":[{"href":"https:\/\/dindincred.com.br\/index.php\/wp-json\/wp\/v2\/posts\/9140"}],"collection":[{"href":"https:\/\/dindincred.com.br\/index.php\/wp-json\/wp\/v2\/posts"}],"about":[{"href":"https:\/\/dindincred.com.br\/index.php\/wp-json\/wp\/v2\/types\/post"}],"author":[{"embeddable":true,"href":"https:\/\/dindincred.com.br\/index.php\/wp-json\/wp\/v2\/users\/1"}],"replies":[{"embeddable":true,"href":"https:\/\/dindincred.com.br\/index.php\/wp-json\/wp\/v2\/comments?post=9140"}],"version-history":[{"count":1,"href":"https:\/\/dindincred.com.br\/index.php\/wp-json\/wp\/v2\/posts\/9140\/revisions"}],"predecessor-version":[{"id":9141,"href":"https:\/\/dindincred.com.br\/index.php\/wp-json\/wp\/v2\/posts\/9140\/revisions\/9141"}],"wp:attachment":[{"href":"https:\/\/dindincred.com.br\/index.php\/wp-json\/wp\/v2\/media?parent=9140"}],"wp:term":[{"taxonomy":"category","embeddable":true,"href":"https:\/\/dindincred.com.br\/index.php\/wp-json\/wp\/v2\/categories?post=9140"},{"taxonomy":"post_tag","embeddable":true,"href":"https:\/\/dindincred.com.br\/index.php\/wp-json\/wp\/v2\/tags?post=9140"}],"curies":[{"name":"wp","href":"https:\/\/api.w.org\/{rel}","templated":true}]}}